
{"id":1847,"date":"2015-04-28T21:08:09","date_gmt":"2015-04-28T20:08:09","guid":{"rendered":"https:\/\/healthinvest-beherman.com\/?p=1847"},"modified":"2023-10-19T17:03:30","modified_gmt":"2023-10-19T15:03:30","slug":"debut-des-travaux-de-renovation-du-projet-gabriel-a-nivelles-2","status":"publish","type":"post","link":"https:\/\/healthinvest-beherman.com\/fr\/debut-des-travaux-de-renovation-du-projet-gabriel-a-nivelles-2\/","title":{"rendered":"D\u00e9but des travaux de r\u00e9novation du projet Gabri\u00ebl \u00e0 Nivelles"},"content":{"rendered":"<p><strong>Health Invest a d\u00e9marr\u00e9 la semaine derni\u00e8re dans le Centre de Nivelles, \u00e0 l&rsquo;angle de la Place Emile Delalieux et de la Rue Saint-Georges, avec la d\u00e9molition de l&rsquo;int\u00e9rieur d&rsquo;un vieil immeuble \u00e0 appartements qui au cours des prochains mois sera reconstruit et modernis\u00e9.<br \/>\n<\/strong><br \/>\nApr\u00e8s r\u00e9novation \u2013 avec des mat\u00e9riaux durables de qualit\u00e9 sup\u00e9rieure \u2013 \u201cR\u00e9sidence Gabri\u00ebl\u201d sera compos\u00e9 de plusieurs appartements modernes d\u2019une et de deux chambres avec terrasse ou balcon. Les grandes unit\u00e9s auront une superficie d&rsquo;environ 100 m\u00b2, les plus petites de 70 m\u00b2.<br \/>\n&nbsp;<br \/>\n<div id='gallery-1' class='gallery galleryid-1847 gallery-columns-3 gallery-size-thumbnail'><figure class='gallery-item'>\n\t\t\t<div class='gallery-icon landscape'>\n\t\t\t\t<a href='https:\/\/healthinvest-beherman.com\/fr\/dsc05816\/'><img decoding=\"async\" width=\"150\" height=\"150\" src=\"https:\/\/healthinvest-beherman.com\/wp-content\/uploads\/2015\/04\/DSC05816-1-150x150.jpg\" class=\"attachment-thumbnail size-thumbnail\" alt=\"\" srcset=\"https:\/\/healthinvest-beherman.com\/wp-content\/uploads\/2015\/04\/DSC05816-1-150x150.jpg 150w, https:\/\/healthinvest-beherman.com\/wp-content\/uploads\/2015\/04\/DSC05816-1-348x348.jpg 348w\" sizes=\"(max-width: 150px) 100vw, 150px\" \/><\/a>\n\t\t\t<\/div><\/figure><figure class='gallery-item'>\n\t\t\t<div class='gallery-icon landscape'>\n\t\t\t\t<a href='https:\/\/healthinvest-beherman.com\/fr\/dsc05810\/'><img decoding=\"async\" width=\"150\" height=\"150\" src=\"https:\/\/healthinvest-beherman.com\/wp-content\/uploads\/2015\/04\/DSC05810-1-150x150.jpg\" class=\"attachment-thumbnail size-thumbnail\" alt=\"\" srcset=\"https:\/\/healthinvest-beherman.com\/wp-content\/uploads\/2015\/04\/DSC05810-1-150x150.jpg 150w, https:\/\/healthinvest-beherman.com\/wp-content\/uploads\/2015\/04\/DSC05810-1-348x348.jpg 348w\" sizes=\"(max-width: 150px) 100vw, 150px\" \/><\/a>\n\t\t\t<\/div><\/figure><figure class='gallery-item'>\n\t\t\t<div class='gallery-icon landscape'>\n\t\t\t\t<a href='https:\/\/healthinvest-beherman.com\/fr\/dsc05648\/'><img decoding=\"async\" width=\"150\" height=\"150\" src=\"https:\/\/healthinvest-beherman.com\/wp-content\/uploads\/2015\/04\/DSC05648-1-150x150.jpg\" class=\"attachment-thumbnail size-thumbnail\" alt=\"\" srcset=\"https:\/\/healthinvest-beherman.com\/wp-content\/uploads\/2015\/04\/DSC05648-1-150x150.jpg 150w, https:\/\/healthinvest-beherman.com\/wp-content\/uploads\/2015\/04\/DSC05648-1-348x348.jpg 348w\" sizes=\"(max-width: 150px) 100vw, 150px\" \/><\/a>\n\t\t\t<\/div><\/figure><figure class='gallery-item'>\n\t\t\t<div class='gallery-icon landscape'>\n\t\t\t\t<a href='https:\/\/healthinvest-beherman.com\/fr\/dsc05808\/'><img decoding=\"async\" width=\"150\" height=\"150\" src=\"https:\/\/healthinvest-beherman.com\/wp-content\/uploads\/2015\/04\/DSC05808-1-150x150.jpg\" class=\"attachment-thumbnail size-thumbnail\" alt=\"\" srcset=\"https:\/\/healthinvest-beherman.com\/wp-content\/uploads\/2015\/04\/DSC05808-1-150x150.jpg 150w, https:\/\/healthinvest-beherman.com\/wp-content\/uploads\/2015\/04\/DSC05808-1-348x348.jpg 348w\" sizes=\"(max-width: 150px) 100vw, 150px\" \/><\/a>\n\t\t\t<\/div><\/figure>\n\t\t<\/div>\n<br \/>\nLes appartements seront r\u00e9partis sur deux \u00e9tages. Au rez-de-chauss\u00e9e deux unit\u00e9s commerciales avec une surface totale de 350 m\u00b2 pourront abriter des commerces dans diff\u00e9rents secteurs.<br \/>\n&nbsp;<br \/>\n<div id='gallery-2' class='gallery galleryid-1847 gallery-columns-3 gallery-size-thumbnail'><figure class='gallery-item'>\n\t\t\t<div class='gallery-icon landscape'>\n\t\t\t\t<a href='https:\/\/healthinvest-beherman.com\/fr\/debut-des-travaux-de-renovation-du-projet-gabriel-a-nivelles-2\/dsc05835-2\/'><img decoding=\"async\" width=\"150\" height=\"150\" src=\"https:\/\/healthinvest-beherman.com\/wp-content\/uploads\/2015\/04\/DSC058351-1-150x150.jpg\" class=\"attachment-thumbnail size-thumbnail\" alt=\"\" srcset=\"https:\/\/healthinvest-beherman.com\/wp-content\/uploads\/2015\/04\/DSC058351-1-150x150.jpg 150w, https:\/\/healthinvest-beherman.com\/wp-content\/uploads\/2015\/04\/DSC058351-1-348x348.jpg 348w\" sizes=\"(max-width: 150px) 100vw, 150px\" \/><\/a>\n\t\t\t<\/div><\/figure><figure class='gallery-item'>\n\t\t\t<div class='gallery-icon landscape'>\n\t\t\t\t<a href='https:\/\/healthinvest-beherman.com\/fr\/debut-des-travaux-de-renovation-du-projet-gabriel-a-nivelles-2\/dsc05838-2\/'><img decoding=\"async\" width=\"150\" height=\"150\" src=\"https:\/\/healthinvest-beherman.com\/wp-content\/uploads\/2015\/04\/DSC058381-1-150x150.jpg\" class=\"attachment-thumbnail size-thumbnail\" alt=\"\" srcset=\"https:\/\/healthinvest-beherman.com\/wp-content\/uploads\/2015\/04\/DSC058381-1-150x150.jpg 150w, https:\/\/healthinvest-beherman.com\/wp-content\/uploads\/2015\/04\/DSC058381-1-348x348.jpg 348w\" sizes=\"(max-width: 150px) 100vw, 150px\" \/><\/a>\n\t\t\t<\/div><\/figure><figure class='gallery-item'>\n\t\t\t<div class='gallery-icon landscape'>\n\t\t\t\t<a href='https:\/\/healthinvest-beherman.com\/fr\/debut-des-travaux-de-renovation-du-projet-gabriel-a-nivelles-2\/dsc05836-2\/'><img decoding=\"async\" width=\"150\" height=\"150\" src=\"https:\/\/healthinvest-beherman.com\/wp-content\/uploads\/2015\/04\/DSC058361-1-150x150.jpg\" class=\"attachment-thumbnail size-thumbnail\" alt=\"\" srcset=\"https:\/\/healthinvest-beherman.com\/wp-content\/uploads\/2015\/04\/DSC058361-1-150x150.jpg 150w, https:\/\/healthinvest-beherman.com\/wp-content\/uploads\/2015\/04\/DSC058361-1-348x348.jpg 348w\" sizes=\"(max-width: 150px) 100vw, 150px\" \/><\/a>\n\t\t\t<\/div><\/figure><figure class='gallery-item'>\n\t\t\t<div class='gallery-icon landscape'>\n\t\t\t\t<a href='https:\/\/healthinvest-beherman.com\/fr\/debut-des-travaux-de-renovation-du-projet-gabriel-a-nivelles-2\/dsc05840-2\/'><img decoding=\"async\" width=\"150\" height=\"150\" src=\"https:\/\/healthinvest-beherman.com\/wp-content\/uploads\/2015\/04\/DSC058401-1-150x150.jpg\" class=\"attachment-thumbnail size-thumbnail\" alt=\"\" srcset=\"https:\/\/healthinvest-beherman.com\/wp-content\/uploads\/2015\/04\/DSC058401-1-150x150.jpg 150w, https:\/\/healthinvest-beherman.com\/wp-content\/uploads\/2015\/04\/DSC058401-1-348x348.jpg 348w\" sizes=\"(max-width: 150px) 100vw, 150px\" \/><\/a>\n\t\t\t<\/div><\/figure><figure class='gallery-item'>\n\t\t\t<div class='gallery-icon landscape'>\n\t\t\t\t<a href='https:\/\/healthinvest-beherman.com\/fr\/debut-des-travaux-de-renovation-du-projet-gabriel-a-nivelles-2\/dsc05837-2\/'><img decoding=\"async\" width=\"150\" height=\"150\" src=\"https:\/\/healthinvest-beherman.com\/wp-content\/uploads\/2015\/04\/DSC058371-1-150x150.jpg\" class=\"attachment-thumbnail size-thumbnail\" alt=\"\" srcset=\"https:\/\/healthinvest-beherman.com\/wp-content\/uploads\/2015\/04\/DSC058371-1-150x150.jpg 150w, https:\/\/healthinvest-beherman.com\/wp-content\/uploads\/2015\/04\/DSC058371-1-348x348.jpg 348w\" sizes=\"(max-width: 150px) 100vw, 150px\" \/><\/a>\n\t\t\t<\/div><\/figure><figure class='gallery-item'>\n\t\t\t<div class='gallery-icon landscape'>\n\t\t\t\t<a href='https:\/\/healthinvest-beherman.com\/fr\/debut-des-travaux-de-renovation-du-projet-gabriel-a-nivelles-2\/dsc05834-2\/'><img decoding=\"async\" width=\"150\" height=\"150\" src=\"https:\/\/healthinvest-beherman.com\/wp-content\/uploads\/2015\/04\/DSC058341-1-150x150.jpg\" class=\"attachment-thumbnail size-thumbnail\" alt=\"\" srcset=\"https:\/\/healthinvest-beherman.com\/wp-content\/uploads\/2015\/04\/DSC058341-1-150x150.jpg 150w, https:\/\/healthinvest-beherman.com\/wp-content\/uploads\/2015\/04\/DSC058341-1-348x348.jpg 348w\" sizes=\"(max-width: 150px) 100vw, 150px\" \/><\/a>\n\t\t\t<\/div><\/figure>\n\t\t<\/div>\n<p>Health Invest mettra les appartements sur le march\u00e9 \u00e0 des prix comp\u00e9titifs. Vous trouverez plus d\u2019informations concernant le projet Gabri\u00ebl sur ce site sous la rubrique des \u00ab projets r\u00e9sidentiels \u00bb.<\/p>\n","protected":false},"excerpt":{"rendered":"<p>Health Invest a d\u00e9marr\u00e9 la semaine derni\u00e8re dans le Centre de Nivelles, \u00e0 l&rsquo;angle de la Place Emile Delalieux et [&hellip;]<\/p>\n","protected":false},"author":1,"featured_media":1837,"comment_status":"closed","ping_status":"open","sticky":false,"template":"","format":"standard","meta":{"footnotes":""},"categories":[49],"tags":[],"class_list":["post-1847","post","type-post","status-publish","format-standard","has-post-thumbnail","hentry","category-actualites"],"_links":{"self":[{"href":"https:\/\/healthinvest-beherman.com\/fr\/wp-json\/wp\/v2\/posts\/1847","targetHints":{"allow":["GET"]}}],"collection":[{"href":"https:\/\/healthinvest-beherman.com\/fr\/wp-json\/wp\/v2\/posts"}],"about":[{"href":"https:\/\/healthinvest-beherman.com\/fr\/wp-json\/wp\/v2\/types\/post"}],"author":[{"embeddable":true,"href":"https:\/\/healthinvest-beherman.com\/fr\/wp-json\/wp\/v2\/users\/1"}],"replies":[{"embeddable":true,"href":"https:\/\/healthinvest-beherman.com\/fr\/wp-json\/wp\/v2\/comments?post=1847"}],"version-history":[{"count":2,"href":"https:\/\/healthinvest-beherman.com\/fr\/wp-json\/wp\/v2\/posts\/1847\/revisions"}],"predecessor-version":[{"id":7919,"href":"https:\/\/healthinvest-beherman.com\/fr\/wp-json\/wp\/v2\/posts\/1847\/revisions\/7919"}],"wp:featuredmedia":[{"embeddable":true,"href":"https:\/\/healthinvest-beherman.com\/fr\/wp-json\/wp\/v2\/media\/1837"}],"wp:attachment":[{"href":"https:\/\/healthinvest-beherman.com\/fr\/wp-json\/wp\/v2\/media?parent=1847"}],"wp:term":[{"taxonomy":"category","embeddable":true,"href":"https:\/\/healthinvest-beherman.com\/fr\/wp-json\/wp\/v2\/categories?post=1847"},{"taxonomy":"post_tag","embeddable":true,"href":"https:\/\/healthinvest-beherman.com\/fr\/wp-json\/wp\/v2\/tags?post=1847"}],"curies":[{"name":"wp","href":"https:\/\/api.w.org\/{rel}","templated":true}]}}