
{"id":2682,"date":"2016-02-02T11:09:12","date_gmt":"2016-02-02T10:09:12","guid":{"rendered":"https:\/\/healthinvest-beherman.com\/fr\/?p=2682"},"modified":"2023-10-19T16:57:19","modified_gmt":"2023-10-19T14:57:19","slug":"la-renovation-de-la-residence-gabriel","status":"publish","type":"post","link":"https:\/\/healthinvest-beherman.com\/fr\/la-renovation-de-la-residence-gabriel\/","title":{"rendered":"La r\u00e9novation de la R\u00e9sidence Gabriel"},"content":{"rendered":"<p><em>par Olivier Beherman<\/em><\/p>\n<h3>La r\u00e9novation de la R\u00e9sidence Gabriel dans le centre de Nivelles se d\u00e9roule sans encombre. C\u2019est en avril dernier qu\u2019a d\u00e9but\u00e9 la d\u00e9molition de l\u2019int\u00e9rieur du vieil immeuble \u00e0 appartements. Cela n\u2019a pas \u00e9t\u00e9 une mince affaire, mais la reconstruction a ensuite pu commencer rapidement. Les travaux devraient en principe s\u2019achever \u00e0 la mi-mai, apr\u00e8s quoi les appartements pourront \u00eatre c\u00e9d\u00e9s \u00e0 leurs nouveaux propri\u00e9taires. <\/h3>\n<p>Entre-temps, le gros \u0153uvre du complexe est termin\u00e9 et les murs int\u00e9rieurs des appartements seront bient\u00f4t en phase de finition. La toiture est presque totalement pos\u00e9e et il ne reste que quelques petites finitions en zinc \u00e0 r\u00e9aliser (rev\u00eatement du fa\u00eete, ch\u00e9neaux et goutti\u00e8res pendantes) et les tuyaux d\u2019\u00e9vacuation \u00e0 placer. L\u2019\u00e9lectricien terminera l\u2019installation \u00e9lectrique dans les trois appartements du premier \u00e9tage au milieu de la semaine prochaine, pour que l\u2019on puisse ensuite proc\u00e9der aux travaux de pl\u00e2trage.<\/p>\n<p>Sur les photos en annexe, vous pouvez voir que le plombier et le chauffagiste ont termin\u00e9 la premi\u00e8re phase de l\u2019installation (approvisionnement en eau, tuyaux d\u2019\u00e9vacuation, appuis toilettes et distribution des \u00e9l\u00e9ments de chauffage). De plus, les murs du complexe ont \u00e9t\u00e9 r\u00e9cemment recouverts d\u2019un enduit de lissage (jaune ou rose) qui sert de sous-couche au pl\u00e2trage.<br \/>\n&nbsp;<br \/>\n<div id='gallery-1' class='gallery galleryid-2682 gallery-columns-4 gallery-size-thumbnail'><figure class='gallery-item'>\n\t\t\t<div class='gallery-icon portrait'>\n\t\t\t\t<a href='https:\/\/healthinvest-beherman.com\/wp-content\/uploads\/2016\/02\/DSC07975-1.jpeg'><img decoding=\"async\" width=\"150\" height=\"150\" src=\"https:\/\/healthinvest-beherman.com\/wp-content\/uploads\/2016\/02\/DSC07975-1-150x150.jpeg\" class=\"attachment-thumbnail size-thumbnail\" alt=\"\" \/><\/a>\n\t\t\t<\/div><\/figure><figure class='gallery-item'>\n\t\t\t<div class='gallery-icon portrait'>\n\t\t\t\t<a href='https:\/\/healthinvest-beherman.com\/wp-content\/uploads\/2016\/02\/DSC07973-1.jpeg'><img decoding=\"async\" width=\"150\" height=\"150\" src=\"https:\/\/healthinvest-beherman.com\/wp-content\/uploads\/2016\/02\/DSC07973-1-150x150.jpeg\" class=\"attachment-thumbnail size-thumbnail\" alt=\"\" \/><\/a>\n\t\t\t<\/div><\/figure><figure class='gallery-item'>\n\t\t\t<div class='gallery-icon portrait'>\n\t\t\t\t<a href='https:\/\/healthinvest-beherman.com\/wp-content\/uploads\/2016\/02\/DSC07970-1.jpeg'><img decoding=\"async\" width=\"150\" height=\"150\" src=\"https:\/\/healthinvest-beherman.com\/wp-content\/uploads\/2016\/02\/DSC07970-1-150x150.jpeg\" class=\"attachment-thumbnail size-thumbnail\" alt=\"\" \/><\/a>\n\t\t\t<\/div><\/figure><figure class='gallery-item'>\n\t\t\t<div class='gallery-icon landscape'>\n\t\t\t\t<a href='https:\/\/healthinvest-beherman.com\/wp-content\/uploads\/2016\/02\/DSC07964-1.jpeg'><img decoding=\"async\" width=\"150\" height=\"150\" src=\"https:\/\/healthinvest-beherman.com\/wp-content\/uploads\/2016\/02\/DSC07964-1-150x150.jpeg\" class=\"attachment-thumbnail size-thumbnail\" alt=\"\" \/><\/a>\n\t\t\t<\/div><\/figure><figure class='gallery-item'>\n\t\t\t<div class='gallery-icon landscape'>\n\t\t\t\t<a href='https:\/\/healthinvest-beherman.com\/wp-content\/uploads\/2016\/02\/DSC07948-1.jpeg'><img decoding=\"async\" width=\"150\" height=\"150\" src=\"https:\/\/healthinvest-beherman.com\/wp-content\/uploads\/2016\/02\/DSC07948-1-150x150.jpeg\" class=\"attachment-thumbnail size-thumbnail\" alt=\"\" \/><\/a>\n\t\t\t<\/div><\/figure><figure class='gallery-item'>\n\t\t\t<div class='gallery-icon portrait'>\n\t\t\t\t<a href='https:\/\/healthinvest-beherman.com\/wp-content\/uploads\/2016\/02\/DSC07933-1.jpeg'><img decoding=\"async\" width=\"150\" height=\"150\" src=\"https:\/\/healthinvest-beherman.com\/wp-content\/uploads\/2016\/02\/DSC07933-1-150x150.jpeg\" class=\"attachment-thumbnail size-thumbnail\" alt=\"\" \/><\/a>\n\t\t\t<\/div><\/figure>\n\t\t<\/div>\n<p>En fin de compte, la \u00ab R\u00e9sidence Gabriel \u00bb comprendra divers appartements modernes d\u2019une et deux chambres et\/ou terrasse et balcon. Les logements les plus spacieux (au nombre de quatre) auront une superficie d\u2019environ 100 m\u00b2, les plus petits d\u2019environ 70 m\u00b2. Diff\u00e9rents appartements ont d\u00e9j\u00e0 re\u00e7u une option d\u2019achat.<\/p>\n<p>Au rez-de-chauss\u00e9e du complexe sont pr\u00e9vus deux espaces commerciaux d\u2019une superficie de 350 m\u00b2, pouvant accueillir des commerces de d\u00e9tail de diff\u00e9rents secteurs. Apr\u00e8s r\u00e9novation, Health Invest mettra les appartements et les magasins en vente \u00e0 des prix tr\u00e8s concurrentiels. Vous trouverez plus d\u2019informations concernant ce projet sur ce site sous la rubrique \u00ab Projets\/Logements r\u00e9sidentiels \u00bb.<\/p>\n<p>Informations :<br \/>\nMr.Olivier Mathurin<br \/>\nImmobiliere Sogefi<br \/>\nSquare Gabreille Petit 5<br \/>\n1400 Nivelles<br \/>\nTel : 067\/213 006<br \/>\nGSM : 0479\/214 127<\/p>\n","protected":false},"excerpt":{"rendered":"<p>par Olivier Beherman La r\u00e9novation de la R\u00e9sidence Gabriel dans le centre de Nivelles se d\u00e9roule sans encombre. C\u2019est en [&hellip;]<\/p>\n","protected":false},"author":1,"featured_media":2670,"comment_status":"closed","ping_status":"open","sticky":false,"template":"","format":"standard","meta":{"footnotes":""},"categories":[49],"tags":[],"class_list":["post-2682","post","type-post","status-publish","format-standard","has-post-thumbnail","hentry","category-actualites"],"_links":{"self":[{"href":"https:\/\/healthinvest-beherman.com\/fr\/wp-json\/wp\/v2\/posts\/2682","targetHints":{"allow":["GET"]}}],"collection":[{"href":"https:\/\/healthinvest-beherman.com\/fr\/wp-json\/wp\/v2\/posts"}],"about":[{"href":"https:\/\/healthinvest-beherman.com\/fr\/wp-json\/wp\/v2\/types\/post"}],"author":[{"embeddable":true,"href":"https:\/\/healthinvest-beherman.com\/fr\/wp-json\/wp\/v2\/users\/1"}],"replies":[{"embeddable":true,"href":"https:\/\/healthinvest-beherman.com\/fr\/wp-json\/wp\/v2\/comments?post=2682"}],"version-history":[{"count":1,"href":"https:\/\/healthinvest-beherman.com\/fr\/wp-json\/wp\/v2\/posts\/2682\/revisions"}],"predecessor-version":[{"id":7911,"href":"https:\/\/healthinvest-beherman.com\/fr\/wp-json\/wp\/v2\/posts\/2682\/revisions\/7911"}],"wp:featuredmedia":[{"embeddable":true,"href":"https:\/\/healthinvest-beherman.com\/fr\/wp-json\/wp\/v2\/media\/2670"}],"wp:attachment":[{"href":"https:\/\/healthinvest-beherman.com\/fr\/wp-json\/wp\/v2\/media?parent=2682"}],"wp:term":[{"taxonomy":"category","embeddable":true,"href":"https:\/\/healthinvest-beherman.com\/fr\/wp-json\/wp\/v2\/categories?post=2682"},{"taxonomy":"post_tag","embeddable":true,"href":"https:\/\/healthinvest-beherman.com\/fr\/wp-json\/wp\/v2\/tags?post=2682"}],"curies":[{"name":"wp","href":"https:\/\/api.w.org\/{rel}","templated":true}]}}